{"id":8600,"date":"2018-01-16T00:00:00","date_gmt":"2018-01-15T23:00:00","guid":{"rendered":"https:\/\/intercapitaletf.hr\/obavijest-o-pripajanju-pod-fonda-intercapital-cash-pod-fondu-intercapital-money\/"},"modified":"2022-01-13T12:29:32","modified_gmt":"2022-01-13T11:29:32","slug":"obvestilo-o-pripojitvi-podsklada-intercapital-cash-podskladu-intercapital-money","status":"publish","type":"post","link":"https:\/\/intercapitaletf.hr\/sl\/obvestilo-o-pripojitvi-podsklada-intercapital-cash-podskladu-intercapital-money\/","title":{"rendered":"Obvestilo o pripojitvi podsklada InterCapital Cash podskladu InterCapital Money"},"content":{"rendered":"<p>Slijedom statusne promjene pripajanja InterCapital Cash pod-fonda InterCapital Money pod-fondu koja \u0107e se izvr\u0161iti dana 23. sije\u010dnja 2018. godine, InterCapital Asset Management vi\u0161e ne izdaje\/otkupljuje udjele InterCapital Cash, te s navedenim datumom InterCapital Cash prestaje postojati.<\/p>\n<p>&nbsp;<\/p>\n<p>U razdoblju od 16. do 23. sije\u010dnja 2018. biti \u0107e obustavljeno izdavanje, otkup i zamjena udjela u navedenim pod-fondovima. Zahtjev za izdavanje udjela u pod-fondovima InterCapital Cash i InterCapital Money ne\u0107e biti mogu\u0107e podnijeti, a sve eventualne zaprimljene uplate bez odgode \u0107e vratiti ulagateljima UCITS fonda.<\/p>\n<p>&nbsp;<\/p>\n<p>Ulagatelji koji za vrijeme obustave izdavanja i otkupa udjela podnesu zahtjev za otkup udjela u InterCapital Money pod-fondu imaju za vrijeme obustave mogu\u0107nost povu\u0107i zahtjev ili ga izvr\u0161iti po cijeni utvr\u0111enoj za dan 24. sije\u010dnja 2018.<br \/>\nZahtjeve za otkup udjela InterCapital Asset Management \u0107e evidentirati prema redoslijedu zaprimanja.<\/p>\n<p>&nbsp;<\/p>\n<p>Vi\u0161e o postupku pripajanja pro\u010ditajte na sljede\u0107em <a href=\"https:\/\/intercapitaletf.hr\/sl\/obvestilo-o-pripojitvi-podsklada-intercapital-cash-podskladu-intercapital-money-in-pomembnih-spremembah-prospekta-krovnega-odprtega-investicijskega-sklada-intercapital-z-javno-ponudbo-ucits\/\" target=\"_blank\" rel=\"noopener\">linku<\/a>.<\/p>\n","protected":false},"excerpt":{"rendered":"<p>Slijedom statusne promjene pripajanja InterCapital Cash pod-fonda InterCapital Money pod-fondu koja \u0107e se izvr\u0161iti dana 23. sije\u010dnja 2018. godine, InterCapital Asset Management vi\u0161e ne izdaje\/otkupljuje udjele InterCapital Cash, te s navedenim datumom InterCapital Cash prestaje postojati. &nbsp; U &hellip;<\/p>\n","protected":false},"author":1,"featured_media":7422,"comment_status":"open","ping_status":"open","sticky":false,"template":"","format":"standard","meta":{"_acf_changed":false,"footnotes":""},"categories":[180],"tags":[],"class_list":["post-8600","post","type-post","status-publish","format-standard","has-post-thumbnail","hentry","category-uncategorized-sl"],"acf":{"writer_list":[437]},"_links":{"self":[{"href":"https:\/\/intercapitaletf.hr\/sl\/wp-json\/wp\/v2\/posts\/8600","targetHints":{"allow":["GET"]}}],"collection":[{"href":"https:\/\/intercapitaletf.hr\/sl\/wp-json\/wp\/v2\/posts"}],"about":[{"href":"https:\/\/intercapitaletf.hr\/sl\/wp-json\/wp\/v2\/types\/post"}],"author":[{"embeddable":true,"href":"https:\/\/intercapitaletf.hr\/sl\/wp-json\/wp\/v2\/users\/1"}],"replies":[{"embeddable":true,"href":"https:\/\/intercapitaletf.hr\/sl\/wp-json\/wp\/v2\/comments?post=8600"}],"version-history":[{"count":2,"href":"https:\/\/intercapitaletf.hr\/sl\/wp-json\/wp\/v2\/posts\/8600\/revisions"}],"predecessor-version":[{"id":8602,"href":"https:\/\/intercapitaletf.hr\/sl\/wp-json\/wp\/v2\/posts\/8600\/revisions\/8602"}],"acf:post":[{"embeddable":true,"href":"https:\/\/intercapitaletf.hr\/sl\/wp-json\/wp\/v2\/member\/437"}],"wp:featuredmedia":[{"embeddable":true,"href":"https:\/\/intercapitaletf.hr\/sl\/wp-json\/wp\/v2\/media\/7422"}],"wp:attachment":[{"href":"https:\/\/intercapitaletf.hr\/sl\/wp-json\/wp\/v2\/media?parent=8600"}],"wp:term":[{"taxonomy":"category","embeddable":true,"href":"https:\/\/intercapitaletf.hr\/sl\/wp-json\/wp\/v2\/categories?post=8600"},{"taxonomy":"post_tag","embeddable":true,"href":"https:\/\/intercapitaletf.hr\/sl\/wp-json\/wp\/v2\/tags?post=8600"}],"curies":[{"name":"wp","href":"https:\/\/api.w.org\/{rel}","templated":true}]}}