{"id":8575,"date":"2017-07-24T00:00:00","date_gmt":"2017-07-23T22:00:00","guid":{"rendered":"https:\/\/intercapitaletf.hr\/obavijest-o-nebitnim-promjenama-prospekta-intercapital-ucits-krovnog-otvorenog-investicijskog-fonda-s-javnom-ponudom-3\/"},"modified":"2022-01-13T12:16:44","modified_gmt":"2022-01-13T11:16:44","slug":"obvestilo-o-neznatnih-spremembah-prospekta-krovnega-odprtega-investicijskega-sklada-intercapital-ucits-z-javno-ponudbo-3","status":"publish","type":"post","link":"https:\/\/intercapitaletf.hr\/sl\/obvestilo-o-neznatnih-spremembah-prospekta-krovnega-odprtega-investicijskega-sklada-intercapital-ucits-z-javno-ponudbo-3\/","title":{"rendered":"Obvestilo o neznatnih spremembah Prospekta krovnega odprtega investicijskega sklada InterCapital UCITS z javno ponudbo"},"content":{"rendered":"<p>INTERCAPITAL ASSET MANAGEMENT d.o.o. Vas ovim putem obavje\u0161tava o usvojenim nebitnim promjene Prospekta InterCapital UCITS krovnog otvorenog investicijskog fonda s javnom ponudom (\u201eProspekt\u201c) kako slijedi:<\/p>\n<p>&nbsp;<\/p>\n<ul>\n<li>a\u017euriran je datum usvajanja Prospekta od strane Uprave;<\/li>\n<\/ul>\n<p>&nbsp;<\/p>\n<ul>\n<li>dopunjena je to\u010dka 1.7 Prospekta-\u00a0<em>Glavne zna\u010dajke udjela pod-fonda<\/em>\u00a0&#8211; na na\u010din da su uskla\u0111eni podaci o klasama udjela koje pojedini pod-fondovi imaju odnosno izdaju sa odredbama navedenim u DODATKU B &#8211; DETALJAN OPIS POD-FONDOVA;<\/li>\n<\/ul>\n<p>&nbsp;<\/p>\n<ul>\n<li>dopunjena je to\u010dka 6.1. Prospekta \u2013\u00a0<em>Izdavanje udjela<\/em>\u00a0na na\u010din da je uvedena mogu\u0107nost izdavanja udjela uplatom u pod-fond u financijskim instrumentima sukladno va\u017ee\u0107im zakonskim i podzakonskim aktima;<\/li>\n<\/ul>\n<p>&nbsp;<\/p>\n<ul>\n<li>dopunjen je &#8211;\u00a0<em>DODATAK B\u00a0<\/em>Prospekta<em>&#8211; DETALJAN OPIS POD-FONDOVA, pod-fond InterCapital SEE Equity, Klase udjela<\/em>\u00a0-uskla\u0111uju se podaci o klasama udjela koje taj pod-fond ima, odnosno izdaje.<\/li>\n<\/ul>\n<p>&nbsp;<\/p>\n<p>Prospekt krovnog fonda objavljen je na internet stranici i mo\u017eete ga pogledati\u00a0<a href=\"https:\/\/intercapitaletf.hr\/upload\/files\/339_icam-prospekt-krovnog-fonda-ucits-2017-07-24-dopuna-srft-i-nebitne.pdf\" data-cke-saved-href=\"https:\/\/intercapitaletf.hr\/upload\/files\/339_icam-prospekt-krovnog-fonda-ucits-2017-07-24-dopuna-srft-i-nebitne.pdf\">ovdje<\/a>.<\/p>\n","protected":false},"excerpt":{"rendered":"<p>INTERCAPITAL ASSET MANAGEMENT d.o.o. Vas ovim putem obavje\u0161tava o usvojenim nebitnim promjene Prospekta InterCapital UCITS krovnog otvorenog investicijskog fonda s javnom ponudom (\u201eProspekt\u201c) kako slijedi: &nbsp; a\u017euriran je datum usvajanja Prospekta od strane Uprave; &nbsp; dopunjena je to\u010dka &hellip;<\/p>\n","protected":false},"author":1,"featured_media":7412,"comment_status":"open","ping_status":"open","sticky":false,"template":"","format":"standard","meta":{"_acf_changed":false,"footnotes":""},"categories":[180],"tags":[],"class_list":["post-8575","post","type-post","status-publish","format-standard","has-post-thumbnail","hentry","category-uncategorized-sl"],"acf":{"writer_list":[438]},"_links":{"self":[{"href":"https:\/\/intercapitaletf.hr\/sl\/wp-json\/wp\/v2\/posts\/8575","targetHints":{"allow":["GET"]}}],"collection":[{"href":"https:\/\/intercapitaletf.hr\/sl\/wp-json\/wp\/v2\/posts"}],"about":[{"href":"https:\/\/intercapitaletf.hr\/sl\/wp-json\/wp\/v2\/types\/post"}],"author":[{"embeddable":true,"href":"https:\/\/intercapitaletf.hr\/sl\/wp-json\/wp\/v2\/users\/1"}],"replies":[{"embeddable":true,"href":"https:\/\/intercapitaletf.hr\/sl\/wp-json\/wp\/v2\/comments?post=8575"}],"version-history":[{"count":2,"href":"https:\/\/intercapitaletf.hr\/sl\/wp-json\/wp\/v2\/posts\/8575\/revisions"}],"predecessor-version":[{"id":8577,"href":"https:\/\/intercapitaletf.hr\/sl\/wp-json\/wp\/v2\/posts\/8575\/revisions\/8577"}],"acf:post":[{"embeddable":true,"href":"https:\/\/intercapitaletf.hr\/sl\/wp-json\/wp\/v2\/member\/438"}],"wp:featuredmedia":[{"embeddable":true,"href":"https:\/\/intercapitaletf.hr\/sl\/wp-json\/wp\/v2\/media\/7412"}],"wp:attachment":[{"href":"https:\/\/intercapitaletf.hr\/sl\/wp-json\/wp\/v2\/media?parent=8575"}],"wp:term":[{"taxonomy":"category","embeddable":true,"href":"https:\/\/intercapitaletf.hr\/sl\/wp-json\/wp\/v2\/categories?post=8575"},{"taxonomy":"post_tag","embeddable":true,"href":"https:\/\/intercapitaletf.hr\/sl\/wp-json\/wp\/v2\/tags?post=8575"}],"curies":[{"name":"wp","href":"https:\/\/api.w.org\/{rel}","templated":true}]}}