{"id":8541,"date":"2019-07-22T00:00:00","date_gmt":"2019-07-21T22:00:00","guid":{"rendered":"https:\/\/intercapitaletf.hr\/obavijest-o-promjenama-prospekta-i-pravila-krovnog-ucits-fonda\/"},"modified":"2022-01-13T11:57:42","modified_gmt":"2022-01-13T10:57:42","slug":"obvestilo-o-spremembah-prospekta-in-pravilih-krovnega-sklada-ucits","status":"publish","type":"post","link":"https:\/\/intercapitaletf.hr\/sl\/obvestilo-o-spremembah-prospekta-in-pravilih-krovnega-sklada-ucits\/","title":{"rendered":"Obvestilo o spremembah prospekta in pravilih krovnega sklada UCITS"},"content":{"rendered":"<p>Dru\u0161tvo InterCapital Asset Management\u00a0 d.o.o. (dalje u tekstu: \u201eDru\u0161tvo\u201c) ovim vas putem obavje\u0161tava o promjenama Prospekta i Pravila krovnog UCITS fonda koje su izvr\u0161ene uslijed \u010dinjenice da je Dru\u0161tvo osnovalo novi pod-fond InterCapital Euro Area Bond (dalje u tekstu: \u201ePod-fond\u201c). Stoga je Dru\u0161tvo, u skladu s odredbom \u010dlanka 12. stavak 3. u vezi s odredbom \u010dlanka 14. stavak 6. Pravilnika o udjelima UCITS fondova (Narodne novine broj 3\/2017 i 41\/2017), izmijenilo i dopunilo Prospekt i Pravila krovnog UCITS fonda, te je izradilo i klju\u010dne podatke za ulagatelje za novi Pod-fond. Prospekt i Pravila izmijenjeni su u dijelu koji se odnosi na osnivanje novog Pod-fonda.<\/p>\n<p>Nadalje, ovim putem Dru\u0161tvo, u skladu s odredbom \u010dlanka 4. Pravilnika o izdavanju odobrenja za osnivanje i upravljanje UCITS fondom te promjene prospekta i pravila UCITS fonda (Narodne novine broj 3\/2017 i 41\/2017), obavje\u0161tava o nebitnim promjenama Prospekta koje se sastoje u okolnosti da su kod onih pod-fondova koji su izdali klase udjela dodijeljene ISIN (International Securities Identification Number) oznake za klasu B, odnosno klasu C, te su stoga izvr\u0161ene odgovaraju\u0107e nadopune Prospekta, dok je u preostalom dijelu Prospekt ostao neizmijenjen.<\/p>\n<p>&nbsp;<\/p>\n<p>Prospekt i pravila dostupni su <a href=\"https:\/\/intercapitaletf.hr\/perch\/resources\/null\/prospekt-i-pravila-krovnog-fonda-19072019.pdf\" target=\"_blank\" rel=\"noopener\">ovdje<\/a>, Klju\u010dni podaci za ulagatelje u odnosu na novi Pod-fond dostupni su <a href=\"https:\/\/intercapitaletf.hr\/perch\/resources\/null\/kiidic-euro-area-bond20190619.pdf\" target=\"_blank\" rel=\"noopener\">ovdje<\/a>, te pozivamo ulagatelje da se upoznaju sa sadr\u017eajem navedenih dokumenata.<\/p>\n<p>&nbsp;<\/p>\n<p>&nbsp;<\/p>\n","protected":false},"excerpt":{"rendered":"<p>Dru\u0161tvo InterCapital Asset Management\u00a0 d.o.o. (dalje u tekstu: \u201eDru\u0161tvo\u201c) ovim vas putem obavje\u0161tava o promjenama Prospekta i Pravila krovnog UCITS fonda koje su izvr\u0161ene uslijed \u010dinjenice da je Dru\u0161tvo osnovalo novi pod-fond InterCapital Euro Area Bond (dalje u &hellip;<\/p>\n","protected":false},"author":1,"featured_media":7438,"comment_status":"open","ping_status":"open","sticky":false,"template":"","format":"standard","meta":{"_acf_changed":false,"footnotes":""},"categories":[180],"tags":[],"class_list":["post-8541","post","type-post","status-publish","format-standard","has-post-thumbnail","hentry","category-uncategorized-sl"],"acf":{"writer_list":[437]},"_links":{"self":[{"href":"https:\/\/intercapitaletf.hr\/sl\/wp-json\/wp\/v2\/posts\/8541","targetHints":{"allow":["GET"]}}],"collection":[{"href":"https:\/\/intercapitaletf.hr\/sl\/wp-json\/wp\/v2\/posts"}],"about":[{"href":"https:\/\/intercapitaletf.hr\/sl\/wp-json\/wp\/v2\/types\/post"}],"author":[{"embeddable":true,"href":"https:\/\/intercapitaletf.hr\/sl\/wp-json\/wp\/v2\/users\/1"}],"replies":[{"embeddable":true,"href":"https:\/\/intercapitaletf.hr\/sl\/wp-json\/wp\/v2\/comments?post=8541"}],"version-history":[{"count":2,"href":"https:\/\/intercapitaletf.hr\/sl\/wp-json\/wp\/v2\/posts\/8541\/revisions"}],"predecessor-version":[{"id":8543,"href":"https:\/\/intercapitaletf.hr\/sl\/wp-json\/wp\/v2\/posts\/8541\/revisions\/8543"}],"acf:post":[{"embeddable":true,"href":"https:\/\/intercapitaletf.hr\/sl\/wp-json\/wp\/v2\/member\/437"}],"wp:featuredmedia":[{"embeddable":true,"href":"https:\/\/intercapitaletf.hr\/sl\/wp-json\/wp\/v2\/media\/7438"}],"wp:attachment":[{"href":"https:\/\/intercapitaletf.hr\/sl\/wp-json\/wp\/v2\/media?parent=8541"}],"wp:term":[{"taxonomy":"category","embeddable":true,"href":"https:\/\/intercapitaletf.hr\/sl\/wp-json\/wp\/v2\/categories?post=8541"},{"taxonomy":"post_tag","embeddable":true,"href":"https:\/\/intercapitaletf.hr\/sl\/wp-json\/wp\/v2\/tags?post=8541"}],"curies":[{"name":"wp","href":"https:\/\/api.w.org\/{rel}","templated":true}]}}