{"id":5497,"date":"2021-04-01T13:13:27","date_gmt":"2021-04-01T11:13:27","guid":{"rendered":"https:\/\/intercapitaletf.hr\/obavijest-o-stupanju-na-snagu-bitnih-promjena-prospekta-intercapital-krovnog-ucits-fonda-te-nebitnim-promjenama-prospekta\/"},"modified":"2022-01-12T11:25:57","modified_gmt":"2022-01-12T10:25:57","slug":"obvestilo-o-zacetku-veljavnosti-pomembnih-sprememb-prospekta-intercapital-krovnega-sklada-ucits-in-manjsih-sprememb-prospekta","status":"publish","type":"post","link":"https:\/\/intercapitaletf.hr\/sl\/obvestilo-o-zacetku-veljavnosti-pomembnih-sprememb-prospekta-intercapital-krovnega-sklada-ucits-in-manjsih-sprememb-prospekta\/","title":{"rendered":"Obvestilo o za\u010detku veljavnosti pomembnih sprememb prospekta InterCapital Krovnega sklada UCITS in manj\u0161ih sprememb prospekta"},"content":{"rendered":"<p>Dru\u0161tvo INTERCAPITAL ASSET MANAGEMENT d.o.o., Zagreb, Masarykova 1 (\u201e<strong>Dru\u0161tvo<\/strong>\u201c), ovim putem daje obavijest o stupanju na snagu bitnih promjena Prospekta Krovnog InterCapital UCITS fonda (\u201e<strong>Prospekt<\/strong>\u201c) u dijelu koji se odnosi na pod-fondove InterCapital Bond te InterCapital Global Bond. Detaljno poja\u0161njenje izmjena Prospekta sadr\u017eano je u obavijesti od 19. velja\u010de 2021. godine kojom mo\u017eete pristupiti na mre\u017enim stranicama Dru\u0161tva.<\/p>\n<p>Dru\u0161tvo je tako\u0111er izvr\u0161ilo nebitne izmjene Prospekta kod pod-fonda InterCapital Income Plus u dijelu koji se odnosi na radno vrijeme (tzv.\u00a0<em>cut off time<\/em>), odnosno vrijeme unutar radnog dana do kojeg se smatra da je zahtjev za izdavanje ili otkup udjela zaprimljen isti dan, \u0161to je od utjecaja na obra\u010dun cijene udjela. Tzv.\u00a0<em>cut off time<\/em>\u00a0produ\u017een je na 16:30 h, te \u0107e se svi zahtjevi za izdavanje ili otkup udjela koji su zaprimljeni na radni dan do 16:30 h smatrati da su zaprimljeni upravo na taj dan te \u0107e se i obra\u010dunati po cijeni udjela od tog dana. Zahtjevi koji su zaprimljeni nakon 16:30 h smatrat \u0107e se da su zaprimljeni idu\u0107i radni dan te \u0107e se obra\u010dunati po cijeni udjela slijede\u0107eg radnog dana. Navedena promjena odnosi se isklju\u010divo na pod-fond InterCapital Income Plus, dok kod ostalih pod-fondova nije do\u0161lo do izmjena. Nebitne promjene Prospekta stupaju na snagu dana 1. travnja 2021. godine.<\/p>\n<p>Prospekt, Pravila te klju\u010dni podaci za ulagatelje (KIID) dostupni su na mre\u017enim stranicama Dru\u0161tva, te pozivamo ulagatelja da se upoznaju sa sadr\u017eajem navedenih dokumenata.<\/p>\n","protected":false},"excerpt":{"rendered":"<p>Dru\u0161tvo INTERCAPITAL ASSET MANAGEMENT d.o.o., Zagreb, Masarykova 1 (\u201eDru\u0161tvo\u201c), ovim putem daje obavijest o stupanju na snagu bitnih promjena Prospekta Krovnog InterCapital UCITS fonda (\u201eProspekt\u201c) u dijelu koji se odnosi na pod-fondove InterCapital Bond te InterCapital Global Bond. &hellip;<\/p>\n","protected":false},"author":1,"featured_media":5498,"comment_status":"open","ping_status":"open","sticky":false,"template":"","format":"standard","meta":{"_acf_changed":false,"footnotes":""},"categories":[180],"tags":[],"class_list":["post-5497","post","type-post","status-publish","format-standard","has-post-thumbnail","hentry","category-uncategorized-sl"],"acf":{"writer_list":[438]},"_links":{"self":[{"href":"https:\/\/intercapitaletf.hr\/sl\/wp-json\/wp\/v2\/posts\/5497","targetHints":{"allow":["GET"]}}],"collection":[{"href":"https:\/\/intercapitaletf.hr\/sl\/wp-json\/wp\/v2\/posts"}],"about":[{"href":"https:\/\/intercapitaletf.hr\/sl\/wp-json\/wp\/v2\/types\/post"}],"author":[{"embeddable":true,"href":"https:\/\/intercapitaletf.hr\/sl\/wp-json\/wp\/v2\/users\/1"}],"replies":[{"embeddable":true,"href":"https:\/\/intercapitaletf.hr\/sl\/wp-json\/wp\/v2\/comments?post=5497"}],"version-history":[{"count":2,"href":"https:\/\/intercapitaletf.hr\/sl\/wp-json\/wp\/v2\/posts\/5497\/revisions"}],"predecessor-version":[{"id":5500,"href":"https:\/\/intercapitaletf.hr\/sl\/wp-json\/wp\/v2\/posts\/5497\/revisions\/5500"}],"acf:post":[{"embeddable":true,"href":"https:\/\/intercapitaletf.hr\/sl\/wp-json\/wp\/v2\/member\/438"}],"wp:featuredmedia":[{"embeddable":true,"href":"https:\/\/intercapitaletf.hr\/sl\/wp-json\/wp\/v2\/media\/5498"}],"wp:attachment":[{"href":"https:\/\/intercapitaletf.hr\/sl\/wp-json\/wp\/v2\/media?parent=5497"}],"wp:term":[{"taxonomy":"category","embeddable":true,"href":"https:\/\/intercapitaletf.hr\/sl\/wp-json\/wp\/v2\/categories?post=5497"},{"taxonomy":"post_tag","embeddable":true,"href":"https:\/\/intercapitaletf.hr\/sl\/wp-json\/wp\/v2\/tags?post=5497"}],"curies":[{"name":"wp","href":"https:\/\/api.w.org\/{rel}","templated":true}]}}