{"id":24952,"date":"2024-03-18T15:02:21","date_gmt":"2024-03-18T14:02:21","guid":{"rendered":"https:\/\/intercapitaletf.hr\/?post_type=blog&#038;p=24952"},"modified":"2024-04-05T15:16:17","modified_gmt":"2024-04-05T13:16:17","slug":"nas-slovenski-etf-je-od-svoje-ustanovitve-dosegel-100-donos","status":"publish","type":"blog","link":"https:\/\/intercapitaletf.hr\/sl\/blog\/nas-slovenski-etf-je-od-svoje-ustanovitve-dosegel-100-donos\/","title":{"rendered":"Na\u0161 slovenski ETF je od svoje ustanovitve dosegel 100% donos!"},"content":{"rendered":"<p>Petek, 15. marec 2024, je zaznamoval 100% donos za vse tiste, ki so \u017ee na samem za\u010detku vlo\u017eili v slovenski ETF InterCapital. To je obdobje nekaj ve\u010d kot treh let, v katerem je ta ETF premagal tudi velike svetovne indekse, kot so Nasdaq, S&amp;P 500 in DAX.<\/p>\n<p><img loading=\"lazy\" decoding=\"async\" class=\"alignnone size-full wp-image-24953\" src=\"https:\/\/intercapitaletf.hr\/wp-content\/uploads\/2024\/04\/SL-1-SLO.jpg\" alt=\"\" width=\"781\" height=\"1054\" title=\"\" srcset=\"https:\/\/intercapitaletf.hr\/wp-content\/uploads\/2024\/04\/SL-1-SLO.jpg 781w, https:\/\/intercapitaletf.hr\/wp-content\/uploads\/2024\/04\/SL-1-SLO-222x300.jpg 222w, https:\/\/intercapitaletf.hr\/wp-content\/uploads\/2024\/04\/SL-1-SLO-759x1024.jpg 759w, https:\/\/intercapitaletf.hr\/wp-content\/uploads\/2024\/04\/SL-1-SLO-768x1036.jpg 768w, https:\/\/intercapitaletf.hr\/wp-content\/uploads\/2024\/04\/SL-1-SLO-151x204.jpg 151w\" sizes=\"auto, (max-width: 781px) 100vw, 781px\" \/><\/p>\n<p>Seveda zgodovinski donosi niso pokazatelj prihodnjih, vendar pa je pomembno, da tudi po taki rasti Slovenija \u0161e vedno ponuja enega najvi\u0161jih dividendnih donosov na svetu z nizkim P\/E.<\/p>\n<p><img loading=\"lazy\" decoding=\"async\" class=\"alignnone size-full wp-image-24956\" src=\"https:\/\/intercapitaletf.hr\/wp-content\/uploads\/2024\/04\/SL-2-SLO.jpg\" alt=\"\" width=\"787\" height=\"1049\" title=\"\" srcset=\"https:\/\/intercapitaletf.hr\/wp-content\/uploads\/2024\/04\/SL-2-SLO.jpg 787w, https:\/\/intercapitaletf.hr\/wp-content\/uploads\/2024\/04\/SL-2-SLO-225x300.jpg 225w, https:\/\/intercapitaletf.hr\/wp-content\/uploads\/2024\/04\/SL-2-SLO-768x1024.jpg 768w, https:\/\/intercapitaletf.hr\/wp-content\/uploads\/2024\/04\/SL-2-SLO-151x201.jpg 151w\" sizes=\"auto, (max-width: 787px) 100vw, 787px\" \/><\/p>\n<p>InterCapital je novembra 2020 vlagateljem v Zagrebu ponudil svoje prve ETF-je, ki sledijo hrva\u0161kemu indeksu CROBEX10tr in slovenskemu SBITOPtr. Sledila sta \u0161e romunski ETF (maj 2023) in denarni ETF (oktober 2023). Do danes so vsi ETF-ji dosegli pozitiven donos. Zdaj so poleg Zagreba vsi na voljo tudi na Ljubljanski borzi in kmalu pri\u010dakujemo tudi prvo kotacijo v Bukare\u0161ti!<\/p>\n<p><img loading=\"lazy\" decoding=\"async\" class=\"alignnone size-full wp-image-24959\" src=\"https:\/\/intercapitaletf.hr\/wp-content\/uploads\/2024\/04\/SL-3-SLO.jpg\" alt=\"\" width=\"788\" height=\"1062\" title=\"\" srcset=\"https:\/\/intercapitaletf.hr\/wp-content\/uploads\/2024\/04\/SL-3-SLO.jpg 788w, https:\/\/intercapitaletf.hr\/wp-content\/uploads\/2024\/04\/SL-3-SLO-223x300.jpg 223w, https:\/\/intercapitaletf.hr\/wp-content\/uploads\/2024\/04\/SL-3-SLO-760x1024.jpg 760w, https:\/\/intercapitaletf.hr\/wp-content\/uploads\/2024\/04\/SL-3-SLO-768x1035.jpg 768w, https:\/\/intercapitaletf.hr\/wp-content\/uploads\/2024\/04\/SL-3-SLO-151x204.jpg 151w\" sizes=\"auto, (max-width: 788px) 100vw, 788px\" \/><\/p>\n","protected":false},"featured_media":24897,"parent":0,"template":"","class_list":["post-24952","blog","type-blog","status-publish","has-post-thumbnail","hentry","blog_category-etf"],"acf":{"writer_list":[444]},"_links":{"self":[{"href":"https:\/\/intercapitaletf.hr\/sl\/wp-json\/wp\/v2\/blog\/24952","targetHints":{"allow":["GET"]}}],"collection":[{"href":"https:\/\/intercapitaletf.hr\/sl\/wp-json\/wp\/v2\/blog"}],"about":[{"href":"https:\/\/intercapitaletf.hr\/sl\/wp-json\/wp\/v2\/types\/blog"}],"acf:post":[{"embeddable":true,"href":"https:\/\/intercapitaletf.hr\/sl\/wp-json\/wp\/v2\/member\/444"}],"wp:featuredmedia":[{"embeddable":true,"href":"https:\/\/intercapitaletf.hr\/sl\/wp-json\/wp\/v2\/media\/24897"}],"wp:attachment":[{"href":"https:\/\/intercapitaletf.hr\/sl\/wp-json\/wp\/v2\/media?parent=24952"}],"curies":[{"name":"wp","href":"https:\/\/api.w.org\/{rel}","templated":true}]}}