{"id":16819,"date":"2023-04-18T11:14:14","date_gmt":"2023-04-18T09:14:14","guid":{"rendered":"https:\/\/intercapitaletf.hr\/?post_type=blog&#038;p=16819"},"modified":"2023-04-18T11:14:14","modified_gmt":"2023-04-18T09:14:14","slug":"etf-novice-span-je-sporocil-da-prevzema-estonski-gt-tarkvara","status":"publish","type":"blog","link":"https:\/\/intercapitaletf.hr\/sl\/blog\/etf-novice-span-je-sporocil-da-prevzema-estonski-gt-tarkvara\/","title":{"rendered":"ETF NOVICE: Span je sporo\u010dil, da prevzema estonski GT Tarkvara"},"content":{"rendered":"<p>Najnovej\u0161i \u010dlan indeksa CROBEX10tr prvi del leta zaznamuje s prevzemom, ki bo omogo\u010dil \u0161iritev predvsem na digitalno razvitih trgih Baltika in Skandinavije.<\/p>\n<p>Edino popolnoma informacijsko podjetje v indeksu (\u010de izvzamemo HT, ki se le delno ukvarja z IT storitvami) je objavilo, da je podpisalo pogodbo, s katero bo prevzelo 100-odstotno lastni\u0161tvo dru\u017ebe GT Tarkvara. Ocenjena vrednost transakcije je 11,4 milijona evrov, del kupnine pa bo odvisen tudi od poslovnih rezultatov prevzete dru\u017ebe v letih 2023 in 2024. Ker rezultati GT Tarkvara niso javno dostopni, vidimo le, da ta cena predstavlja 14% celotne vrednosti (EV) Spana.<\/p>\n<p><img loading=\"lazy\" decoding=\"async\" class=\"aligncenter size-full wp-image-16820\" src=\"https:\/\/intercapitaletf.hr\/wp-content\/uploads\/2023\/04\/MicrosoftTeams-image-5.png\" alt=\"\" width=\"2313\" height=\"1474\" title=\"\" srcset=\"https:\/\/intercapitaletf.hr\/wp-content\/uploads\/2023\/04\/MicrosoftTeams-image-5.png 2313w, https:\/\/intercapitaletf.hr\/wp-content\/uploads\/2023\/04\/MicrosoftTeams-image-5-300x191.png 300w, https:\/\/intercapitaletf.hr\/wp-content\/uploads\/2023\/04\/MicrosoftTeams-image-5-1024x653.png 1024w, https:\/\/intercapitaletf.hr\/wp-content\/uploads\/2023\/04\/MicrosoftTeams-image-5-768x489.png 768w, https:\/\/intercapitaletf.hr\/wp-content\/uploads\/2023\/04\/MicrosoftTeams-image-5-1536x979.png 1536w, https:\/\/intercapitaletf.hr\/wp-content\/uploads\/2023\/04\/MicrosoftTeams-image-5-2048x1305.png 2048w, https:\/\/intercapitaletf.hr\/wp-content\/uploads\/2023\/04\/MicrosoftTeams-image-5-151x96.png 151w\" sizes=\"auto, (max-width: 2313px) 100vw, 2313px\" \/><\/p>\n<p>Zanimivo bo videti, kako bo ta transakcija vplivala na nadaljnje poslovanje Spana, ki \u017ee nekaj let do\u017eivlja izjemno rast (s prevzemi, pa tudi organsko).<\/p>\n<p><img loading=\"lazy\" decoding=\"async\" class=\"aligncenter size-full wp-image-16823\" src=\"https:\/\/intercapitaletf.hr\/wp-content\/uploads\/2023\/04\/MicrosoftTeams-image-6.png\" alt=\"\" width=\"2324\" height=\"1327\" title=\"\" srcset=\"https:\/\/intercapitaletf.hr\/wp-content\/uploads\/2023\/04\/MicrosoftTeams-image-6.png 2324w, https:\/\/intercapitaletf.hr\/wp-content\/uploads\/2023\/04\/MicrosoftTeams-image-6-300x171.png 300w, https:\/\/intercapitaletf.hr\/wp-content\/uploads\/2023\/04\/MicrosoftTeams-image-6-1024x585.png 1024w, https:\/\/intercapitaletf.hr\/wp-content\/uploads\/2023\/04\/MicrosoftTeams-image-6-768x439.png 768w, https:\/\/intercapitaletf.hr\/wp-content\/uploads\/2023\/04\/MicrosoftTeams-image-6-1536x877.png 1536w, https:\/\/intercapitaletf.hr\/wp-content\/uploads\/2023\/04\/MicrosoftTeams-image-6-2048x1169.png 2048w, https:\/\/intercapitaletf.hr\/wp-content\/uploads\/2023\/04\/MicrosoftTeams-image-6-151x86.png 151w\" sizes=\"auto, (max-width: 2324px) 100vw, 2324px\" \/><\/p>\n<p>\u010ce se bo rast podjetja nadaljevala, bi lahko s\u010dasoma dosegla ve\u010d kot trenutna 2 % v indeksu. \u010ce bodo druga hrva\u0161ka IT podjetja prepoznala prednosti, ki jih je Span dosegel z vstopom na borzo, bomo morda neko\u010d lahko rekli, da IT predstavlja pomemben dele\u017e na hrva\u0161kem kapitalskem trgu. Katera je najla\u017eja izpostavljenost prek delnic InterCapital CROBEX10tr UCITS ETF.<\/p>\n<p>*uporabljeni podatki z dne 04.03.2023.<\/p>\n","protected":false},"featured_media":16797,"parent":0,"template":"","class_list":["post-16819","blog","type-blog","status-publish","has-post-thumbnail","hentry","blog_category-etf"],"acf":{"writer_list":[444]},"_links":{"self":[{"href":"https:\/\/intercapitaletf.hr\/sl\/wp-json\/wp\/v2\/blog\/16819","targetHints":{"allow":["GET"]}}],"collection":[{"href":"https:\/\/intercapitaletf.hr\/sl\/wp-json\/wp\/v2\/blog"}],"about":[{"href":"https:\/\/intercapitaletf.hr\/sl\/wp-json\/wp\/v2\/types\/blog"}],"acf:post":[{"embeddable":true,"href":"https:\/\/intercapitaletf.hr\/sl\/wp-json\/wp\/v2\/member\/444"}],"wp:featuredmedia":[{"embeddable":true,"href":"https:\/\/intercapitaletf.hr\/sl\/wp-json\/wp\/v2\/media\/16797"}],"wp:attachment":[{"href":"https:\/\/intercapitaletf.hr\/sl\/wp-json\/wp\/v2\/media?parent=16819"}],"curies":[{"name":"wp","href":"https:\/\/api.w.org\/{rel}","templated":true}]}}