{"id":14880,"date":"2023-01-18T12:23:54","date_gmt":"2023-01-18T11:23:54","guid":{"rendered":"https:\/\/intercapitaletf.hr\/?post_type=blog&#038;p=14880"},"modified":"2023-01-18T12:23:54","modified_gmt":"2023-01-18T11:23:54","slug":"pregled-icam-etf-konec-leta-2022","status":"publish","type":"blog","link":"https:\/\/intercapitaletf.hr\/sl\/blog\/pregled-icam-etf-konec-leta-2022\/","title":{"rendered":"Pregled ICAM ETF konec leta 2022"},"content":{"rendered":"<p>Konec leta 2022 so sredstva InterCapitalovih ETF zna\u0161ala <strong>8 milijonov EUR,<\/strong> pri \u010demer je InterCapital SBITOP TR zbral ve\u010d sredstev kot InterCapital CROBEX10tr ETF. V ETF je ve\u010d kot <strong>525 vlagateljev<\/strong> razli\u010dnih struktur, v ETF na zagreb\u0161ki indeks prevladujejo institucionalni vlagatelji, medtem ko je za slovenski trg delnic zanimanje pokazalo ve\u010d retail vlagateljev.<\/p>\n<p><strong>Fizi\u010dne vs. pravne osebe v InterCapital CROBEX10tr po mesecih<\/strong><\/p>\n<p><img loading=\"lazy\" decoding=\"async\" class=\"aligncenter size-full wp-image-14881\" src=\"https:\/\/intercapitaletf.hr\/wp-content\/uploads\/2023\/01\/56198.png\" alt=\"\" width=\"1745\" height=\"907\" title=\"\" srcset=\"https:\/\/intercapitaletf.hr\/wp-content\/uploads\/2023\/01\/56198.png 1745w, https:\/\/intercapitaletf.hr\/wp-content\/uploads\/2023\/01\/56198-300x156.png 300w, https:\/\/intercapitaletf.hr\/wp-content\/uploads\/2023\/01\/56198-1024x532.png 1024w, https:\/\/intercapitaletf.hr\/wp-content\/uploads\/2023\/01\/56198-768x399.png 768w, https:\/\/intercapitaletf.hr\/wp-content\/uploads\/2023\/01\/56198-1536x798.png 1536w\" sizes=\"auto, (max-width: 1745px) 100vw, 1745px\" \/><\/p>\n<p><strong>Fizi\u010dne vs. pravne osebe v InterCapital SBITOP TR po mesecih<\/strong><\/p>\n<p><img loading=\"lazy\" decoding=\"async\" class=\"aligncenter size-full wp-image-14884\" src=\"https:\/\/intercapitaletf.hr\/wp-content\/uploads\/2023\/01\/569879.png\" alt=\"\" width=\"1772\" height=\"909\" title=\"\" srcset=\"https:\/\/intercapitaletf.hr\/wp-content\/uploads\/2023\/01\/569879.png 1772w, https:\/\/intercapitaletf.hr\/wp-content\/uploads\/2023\/01\/569879-300x154.png 300w, https:\/\/intercapitaletf.hr\/wp-content\/uploads\/2023\/01\/569879-1024x525.png 1024w, https:\/\/intercapitaletf.hr\/wp-content\/uploads\/2023\/01\/569879-768x394.png 768w, https:\/\/intercapitaletf.hr\/wp-content\/uploads\/2023\/01\/569879-1536x788.png 1536w\" sizes=\"auto, (max-width: 1772px) 100vw, 1772px\" \/><\/p>\n<p><strong>Povpre\u010dje in mediana nalo\u017eb ETF v EUR<\/strong><\/p>\n<p><img loading=\"lazy\" decoding=\"async\" class=\"aligncenter size-full wp-image-14887\" src=\"https:\/\/intercapitaletf.hr\/wp-content\/uploads\/2023\/01\/57985.png\" alt=\"\" width=\"1669\" height=\"849\" title=\"\" srcset=\"https:\/\/intercapitaletf.hr\/wp-content\/uploads\/2023\/01\/57985.png 1669w, https:\/\/intercapitaletf.hr\/wp-content\/uploads\/2023\/01\/57985-300x153.png 300w, https:\/\/intercapitaletf.hr\/wp-content\/uploads\/2023\/01\/57985-1024x521.png 1024w, https:\/\/intercapitaletf.hr\/wp-content\/uploads\/2023\/01\/57985-768x391.png 768w, https:\/\/intercapitaletf.hr\/wp-content\/uploads\/2023\/01\/57985-1536x781.png 1536w\" sizes=\"auto, (max-width: 1669px) 100vw, 1669px\" \/><\/p>\n","protected":false},"featured_media":14795,"parent":0,"template":"","class_list":["post-14880","blog","type-blog","status-publish","has-post-thumbnail","hentry","blog_category-etf"],"acf":{"writer_list":[440]},"_links":{"self":[{"href":"https:\/\/intercapitaletf.hr\/sl\/wp-json\/wp\/v2\/blog\/14880","targetHints":{"allow":["GET"]}}],"collection":[{"href":"https:\/\/intercapitaletf.hr\/sl\/wp-json\/wp\/v2\/blog"}],"about":[{"href":"https:\/\/intercapitaletf.hr\/sl\/wp-json\/wp\/v2\/types\/blog"}],"acf:post":[{"embeddable":true,"href":"https:\/\/intercapitaletf.hr\/sl\/wp-json\/wp\/v2\/member\/440"}],"wp:featuredmedia":[{"embeddable":true,"href":"https:\/\/intercapitaletf.hr\/sl\/wp-json\/wp\/v2\/media\/14795"}],"wp:attachment":[{"href":"https:\/\/intercapitaletf.hr\/sl\/wp-json\/wp\/v2\/media?parent=14880"}],"curies":[{"name":"wp","href":"https:\/\/api.w.org\/{rel}","templated":true}]}}