{"id":14867,"date":"2023-01-18T12:20:45","date_gmt":"2023-01-18T11:20:45","guid":{"rendered":"https:\/\/intercapitaletf.hr\/?post_type=blog&#038;p=14867"},"modified":"2023-01-18T12:20:45","modified_gmt":"2023-01-18T11:20:45","slug":"aktualne-etf-novice-januar-2023","status":"publish","type":"blog","link":"https:\/\/intercapitaletf.hr\/sl\/blog\/aktualne-etf-novice-januar-2023\/","title":{"rendered":"Aktualne ETF novice &#8211; januar 2023"},"content":{"rendered":"<h4>Revizije indeksa SBITOP TR<\/h4>\n<p>Na decembrski redni \u010detrtletni reviziji indeksa razen spremembe dele\u017ea posamezne delnice v sestavi ni pri\u0161lo do sprememb, medtem ko je bila ob izredni reviziji indeksa januarja v sestavo vklju\u010dena delnica <strong>EQUINOX<\/strong>.<\/p>\n<h4><strong>CINKARNA CELJE bo v letu 2023 nalo\u017ebe usmerila v izbolj\u0161anje kakovosti, varnost obratovanja in pove\u010danje proizvodnih zmogljivosti.<\/strong><\/h4>\n<p>Glede na trenutne tr\u017ene razmere, pri\u010dakovanja glede cen pigmenta titanovega dioksida (za katere skupina meni, da so lani dosegle cenovni vrh) in makroekonomske projekcije je dru\u017eba predstavila svoj na\u010drt za leto 2023:<\/p>\n<p><strong>Prihodki od prodaje<\/strong> so na\u010drtovani v vi\u0161ini okoli 200,6 mio \u20ac, od tega 183,3 mio \u20ac na tujih trgih.<\/p>\n<p><strong>Mar\u017ee <\/strong>se bodo<strong> stabilizirale ni\u017eje<\/strong>, ob negotovih makroekonomskih razmerah in manj\u0161em povpra\u0161evanju po pigmentih pa dru\u017eba pri\u010dakuje, da proizvodne zmogljivosti leta 2023 ne bodo v celoti izkori\u0161\u010dene. Ne glede na te\u017eke tr\u017ene razmere ostaja fokus na maksimiranju zmogljivosti in izbolj\u0161anju strukture prodaje. To se bo sku\u0161alo dose\u010di s strategijo razporejanja sredstev v najdonosnej\u0161e segmente. Stro\u0161kovno se pri\u010dakuje precej\u0161nje pove\u010danje stro\u0161kov energije in predvsem surovin, za katere obstaja majhno \u0161tevilo dobaviteljev z mo\u010dno pogajalsko mo\u010djo.<\/p>\n<p><strong>Mar\u017ea EBITDA<\/strong> naj bi leta 2023 zna\u0161ala okoli 10 %, kon\u010dni \u010disti dobi\u010dek pa zaradi pove\u010danja stro\u0161kov okoli 5,9 mio \u20ac.<\/p>\n<p>V prihodnjih letih Cinkarna na\u010drtuje ve\u010dino <strong>nalo\u017eb<\/strong> usmeriti v izbolj\u0161anje kakovosti, varnost delovanja in pove\u010danje proizvodnih zmogljivosti \u2013 predvsem za pigment titanovega dioksida. Segment metalurgije si bo \u0161e naprej prizadeval prilagajati prodajne cene in zni\u017eevati stro\u0161ke poslovanja. \u010ce ne bodo dosegli uspe\u0161nih rezultatov, bodo metalur\u0161ki program ukinili. Financiranje bo konzervativno, vendar so v letu 2023 na\u010drtovani ve\u010dji investicijski vlo\u017eki nad lanskim povpre\u010djem zadnjih 3 let. Nalo\u017ebe se bodo izvajale individualno glede na potrebe, zmogljivosti in prilo\u017enosti. Na\u010drtovane kapitalne investicije zna\u0161ajo 20,5 mio \u20ac<\/p>\n<p>Zaradi spremenjenih okoli\u0161\u010din <strong>je spremenjena politika izpla\u010dila dividend<\/strong> v letu 2023. Dru\u017eba bo 50 % \u010distega dobi\u010dka izpla\u010dala v obliki dividend, kar je manj od 75 %, predvidenih v strategiji 2018 za leta 2019\u20132023.<\/p>\n<p><img loading=\"lazy\" decoding=\"async\" class=\"aligncenter size-full wp-image-14868\" src=\"https:\/\/intercapitaletf.hr\/wp-content\/uploads\/2023\/01\/1989.png\" alt=\"\" width=\"1920\" height=\"1082\" title=\"\" srcset=\"https:\/\/intercapitaletf.hr\/wp-content\/uploads\/2023\/01\/1989.png 1920w, https:\/\/intercapitaletf.hr\/wp-content\/uploads\/2023\/01\/1989-300x169.png 300w, https:\/\/intercapitaletf.hr\/wp-content\/uploads\/2023\/01\/1989-1024x577.png 1024w, https:\/\/intercapitaletf.hr\/wp-content\/uploads\/2023\/01\/1989-768x433.png 768w, https:\/\/intercapitaletf.hr\/wp-content\/uploads\/2023\/01\/1989-1536x866.png 1536w\" sizes=\"auto, (max-width: 1920px) 100vw, 1920px\" \/><\/p>\n<h4><strong>LUKA KOPER pove\u010duje zmogljivosti kontejnerskega terminala, na\u010drtuje nove skladi\u0161\u010dne povr\u0161ine in nov kamionski terminal<\/strong><\/h4>\n<p>Skupina Luka Koper pri\u010dakuje <strong>pomorski promet<\/strong> 23,3 mio ton, kar je 2 % ve\u010d kot v letu 2022. Rast prometa se pri\u010dakuje v vseh blagovnih skupinah, razen v teko\u010dih tovorih, saj je pretok letalskega goriva \u0161e vedno nizek.<\/p>\n<p>Leta 2023 naj bi pomorski kontejnerski promet dosegel 1 milijon TEU, kar je 5 % ve\u010d kot leta 2022. Luka Koper bo tako vodilna med jadranskimi pristani\u0161\u010di. V letu 2023 naj bi pretovor avtomobilov zna\u0161al 760 tiso\u010d, kar je 1 % ve\u010d kot v letu 2022, saj se avtomobilski trg v sedanjih negotovih \u010dasih soo\u010da z ob\u010dasnimi prekinitvami v dobavnih verigah, obremenitvijo transportnih in skladi\u0161\u010dnih kapacitet ter nepredvidljivimi dru\u017ebenopoliti\u010dnimi gibanji v svetu.<\/p>\n<p>Glavno gonilo rasti <strong>prihodkov od prodaje<\/strong> bo pove\u010danje prometa v osnovnem toku in drugih storitvah ter rast cen, vendar pa bo kon\u010dni prihodek od prodaje zaradi ni\u017ejih na\u010drtovanih prihodka iz skladi\u0161\u010denja ni\u017eji za 4 % glede na leto 2022, ko je bil v njem v povpre\u010dju dalj\u0161i \u010das zadr\u017eevanja blaga.<\/p>\n<p>Kon\u010dni <strong>\u010disti dobi\u010dek<\/strong> letos naj bi bil za 50 % ni\u017eji od na\u010drtovanega dobi\u010dka, predvsem zaradi ni\u017ejih \u010distih prihodkov od prodaje in inflacijskih pritiskov, ki se bodo odrazili v rasti stro\u0161kov.<\/p>\n<p>Klju\u010dni <strong>investicijski projekti<\/strong> v letu 2023 bodo povezani s pove\u010danjem zmogljivosti kontejnerskega terminala, izgradnjo dodatnih odprtih skladi\u0161\u010dnih povr\u0161in za pretovor avtomobilov, pove\u010danjem skladi\u0161\u010dnih kapacitet za generalne tovore, izgradnjo novega kamionskega terminala in nakupom opreme. Skupina bo v letu 2023 za projekte trajnostnega razvoja namenila 14,5 mio \u20ac, kar predstavlja 24,7 % vseh na\u010drtovanih investicij.<\/p>\n<p><img loading=\"lazy\" decoding=\"async\" class=\"aligncenter size-full wp-image-14871\" src=\"https:\/\/intercapitaletf.hr\/wp-content\/uploads\/2023\/01\/6165.png\" alt=\"\" width=\"2109\" height=\"1166\" title=\"\" srcset=\"https:\/\/intercapitaletf.hr\/wp-content\/uploads\/2023\/01\/6165.png 2109w, https:\/\/intercapitaletf.hr\/wp-content\/uploads\/2023\/01\/6165-300x166.png 300w, https:\/\/intercapitaletf.hr\/wp-content\/uploads\/2023\/01\/6165-1024x566.png 1024w, https:\/\/intercapitaletf.hr\/wp-content\/uploads\/2023\/01\/6165-768x425.png 768w, https:\/\/intercapitaletf.hr\/wp-content\/uploads\/2023\/01\/6165-1536x849.png 1536w, https:\/\/intercapitaletf.hr\/wp-content\/uploads\/2023\/01\/6165-2048x1132.png 2048w\" sizes=\"auto, (max-width: 2109px) 100vw, 2109px\" \/><\/p>\n<h4><strong>TELEKOM SLOVENIJE v letu 2023 pri\u010dakuje rast EBITD in \u010distega dobi\u010dka ob zni\u017eanju mar\u017e<\/strong><\/h4>\n<p>Skupina Telekom Slovenije si je za leto 2023 zastavila ambiciozen na\u010drt s poudarkom na <strong>preobratu trendov<\/strong> zadnjih nekaj let ter doseganje rasti prihodkov in \u0161tevila uporabnikov v vseh segmentih ter na ta na\u010din namerava utrditi tr\u017eni dele\u017e in ostati vodilna na trgu.<\/p>\n<p>Skupina na\u010drtuje skupno 680,8 mio \u20ac <strong>poslovnih dohodkov<\/strong>. Kljub na\u010drtovani rasti, usmerjenosti v razvoj, nenehni optimizaciji stro\u0161kov poslovanja in skrbnemu obvladovanju tveganj bosta v prihodnjem letu na klju\u010dne finan\u010dne kazalnike najve\u010d vplivala negotovost na trgih cen elektri\u010dne energije in rast obrestnih mer. \u010ce se bodo izpolnili pogoji, kot jih na\u010drtuje skupina, naj bi <strong>EBITDA<\/strong> zna\u0161ala 206,2 mio \u20ac, \u010disti dobi\u010dek pa 20,1 mio \u20ac. S prera\u010dunom na\u010drta na cene elektri\u010dne energije iz leta 2022 bi na\u010drtovana rast Skupine Telekom Slovenije za naslednje leto prinesla <strong>\u010disti dobi\u010dek<\/strong> za 32 % vi\u0161ji kot v letu 2022 in <strong>EBITDA<\/strong> vi\u0161jo za 6 %.<\/p>\n<p>Skupina Telekom Slovenije na\u010drtuje 205,5 mio \u20ac <strong>investicij<\/strong> v letu 2023. Na\u010drtovane nalo\u017ebe poleg \u0161iritve in nadgradnje dostopovnega omre\u017eja ter nenehnega razvoja in posodabljanja mobilnega omre\u017eja vklju\u010dujejo tudi programske pravice in kapitalizacijo najemnin v skladu z MSFI 16. Skupina je \u0161e sporo\u010dila, da se bo osredoto\u010dila na ustvarjanje mo\u010dnih partnerstev, optimizacijo poslovanja, razvoj najsodobnej\u0161ih IKT storitev in re\u0161itev ter zagotavljanje bolj\u0161e uporabni\u0161ke izku\u0161nje.<\/p>\n<p><img loading=\"lazy\" decoding=\"async\" class=\"aligncenter size-full wp-image-14874\" src=\"https:\/\/intercapitaletf.hr\/wp-content\/uploads\/2023\/01\/16516.png\" alt=\"\" width=\"2095\" height=\"1183\" title=\"\" srcset=\"https:\/\/intercapitaletf.hr\/wp-content\/uploads\/2023\/01\/16516.png 2095w, https:\/\/intercapitaletf.hr\/wp-content\/uploads\/2023\/01\/16516-300x169.png 300w, https:\/\/intercapitaletf.hr\/wp-content\/uploads\/2023\/01\/16516-1024x578.png 1024w, https:\/\/intercapitaletf.hr\/wp-content\/uploads\/2023\/01\/16516-768x434.png 768w, https:\/\/intercapitaletf.hr\/wp-content\/uploads\/2023\/01\/16516-1536x867.png 1536w, https:\/\/intercapitaletf.hr\/wp-content\/uploads\/2023\/01\/16516-2048x1156.png 2048w\" sizes=\"auto, (max-width: 2095px) 100vw, 2095px\" \/><\/p>\n<h4><strong>POZAVAROVALNICA SAVA na podlagi treh strate\u0161kih prioritet na\u010drtuje rast na vseh trgih, kjer je skupina prisotna<\/strong><\/h4>\n<p>Leta 2023 Skupina namerava dose\u010di ve\u010d kot 800 mio \u20ac <strong>poslovnih prihodkov<\/strong> (bruto obra\u010dunane premije plus drugi poslovni prihodki), kar predstavlja 4-odstotno rast glede na leto 2022, pri \u010demer je na\u010drtovana tudi rast na vseh trgih, kjer je Skupina prisotna. Ciljni kombinirani koli\u010dnik naj bi ostal pod 95 %, donosnost nalo\u017ebenega portfelja pa je na\u010drtovana nad 1,5 %. Skupina pri\u010dakuje, da bo dosegla <strong>neto dobi\u010dek<\/strong> vsaj 53 mio \u20ac, kar pomeni vsaj 9,5-odstotno donosnost kapitala. Solventni koli\u010dnik je na\u010drtovan v enakem obsegu, kot je bil dolo\u010den za celotno obdobje strategije.<\/p>\n<p>Na\u010drt za leto 2023 temelji na strategiji za obdobje 2023\u20132027, ki temelji na <strong>treh klju\u010dnih strate\u0161kih prednostnih nalogah<\/strong>:<\/p>\n<ul>\n<li><strong>Stranka v sredi\u0161\u010du<\/strong> kot klju\u010dna prioriteta sedanje strategije, ki jo skupina namerava \u0161e naprej razvijati, da bi se pribli\u017eala kupcu ter njegovim potrebam in \u017eeljam<\/li>\n<li><strong>Optimizacija poslovnih procesov<\/strong> z informacijskimi, komunikacijskimi in organizacijskimi spremembami, ki jih zahtevajo okolje, regulativa in strate\u0161ka usmerjenost v kupca<\/li>\n<li>Delovanje v skladu s trajnostnimi predpisi in lastno zavezanostjo skupine, da si prizadeva za trajnost na treh klju\u010dnih podro\u010djih: <strong>okolje, dru\u017eba in upravljanje (ESG)<\/strong><\/li>\n<\/ul>\n<p>V obdobju 2023-2027 je skupina napovedala, da namerava izpla\u010dati 35 % do 45 % \u010distega dobi\u010dka v obliki <strong>dividende<\/strong> na letni ravni.<\/p>\n<h4><strong>ZAVAROVALNICA TRIGLAV namerava \u0161e utrjevati svoj polo\u017eaj na obstoje\u010dih trgih in prek partnerstev iskati prilo\u017enosti na trgih EU<\/strong><\/h4>\n<p>V Skupini Triglav napovedujejo, da bodo gospodarske razmere v letu 2023 postale \u0161e bolj zahtevne, a bodo v njih \u0161e naprej poslovali varno in dobi\u010dkonosno.<\/p>\n<p>V letu 2023 namerava Triglav dose\u010di <strong>dobi\u010dek pred obdav\u010ditvijo<\/strong> v znesku 95 do 110 mio \u20ac. Ob upo\u0161tevanju trenutno razpolo\u017eljivih projekcij in ocenjenega gospodarskega polo\u017eaja je dobi\u010dek pred obdav\u010ditvijo nekoliko ni\u017eji od na\u010drtovanega dobi\u010dka za leto 2022. Prav tako je v letu 2023 na\u010drtovano pove\u010danje obsega poslovanja in doseganje bruto premije od 1,5 do 1,6 milijarde \u20ac.<\/p>\n<p>Poleg tega namerava skupina zagotoviti <strong>visoko stopnjo donosnosti<\/strong> zavarovanja z doseganjem kombiniranega koli\u010dnika pod 94 % pri ne\u017eivljenjskih in zdravstvenih zavarovanjih. Triglav kot vodilna zavarovalno-finan\u010dna skupina v Sloveniji in regiji Adria na\u010drtuje nadaljnjo krepitev polo\u017eaja na obstoje\u010dih trgih, prek partnerstev pa iskanje prilo\u017enosti na trgih EU.<\/p>\n<p>Skupina bo \u0161e naprej te\u017eila k <strong>racionaliziraciji stro\u0161kov<\/strong>, u\u010dinkovitemu obvladovanju tveganj, finan\u010dni stabilnosti in ohranjanju visoke bonitetne ocene priznanih bonitetnih agencij.<strong> Politika dividend <\/strong>ostane nespremenjena z minimalnim izpla\u010dilom v vi\u0161ini 50 % neto dobi\u010dka, ustvarjenega v preteklem poslovnem letu.<\/p>\n<h4><strong>Pri\u010dakovanja ICAM OUTLOOK za leto 2023<\/strong><\/h4>\n<p>Ali lahko po turbulentnem letu 2022, ki je bilo izjemno te\u017eko za skoraj vse vrste nalo\u017eb, v letu 2023 pri\u010dakujemo preobrat in okrevanje? Se bo inflacija \u0161e pospe\u0161evala, kako se bodo odzvale centralne banke in kako bo to vplivalo na razmere na trgu? Smo \u017ee dosegli dno na obvezni\u0161kih in delni\u0161kih trgih? Odgovore na ta in \u0161tevilna druga vpra\u0161anja poi\u0161\u010dite v na\u0161i <a href=\"https:\/\/www.youtube.com\/watch?v=c0u71Eb7L3Q&amp;ab_channel=InterCapitalAssetManagement\" target=\"_blank\" rel=\"noopener\">predstavitvi tr\u017enih pri\u010dakovanj.<\/a><\/p>\n","protected":false},"featured_media":14106,"parent":0,"template":"","class_list":["post-14867","blog","type-blog","status-publish","has-post-thumbnail","hentry","blog_category-etf"],"acf":{"writer_list":[440]},"_links":{"self":[{"href":"https:\/\/intercapitaletf.hr\/sl\/wp-json\/wp\/v2\/blog\/14867","targetHints":{"allow":["GET"]}}],"collection":[{"href":"https:\/\/intercapitaletf.hr\/sl\/wp-json\/wp\/v2\/blog"}],"about":[{"href":"https:\/\/intercapitaletf.hr\/sl\/wp-json\/wp\/v2\/types\/blog"}],"acf:post":[{"embeddable":true,"href":"https:\/\/intercapitaletf.hr\/sl\/wp-json\/wp\/v2\/member\/440"}],"wp:featuredmedia":[{"embeddable":true,"href":"https:\/\/intercapitaletf.hr\/sl\/wp-json\/wp\/v2\/media\/14106"}],"wp:attachment":[{"href":"https:\/\/intercapitaletf.hr\/sl\/wp-json\/wp\/v2\/media?parent=14867"}],"curies":[{"name":"wp","href":"https:\/\/api.w.org\/{rel}","templated":true}]}}